{"id":1228,"date":"2012-10-17T19:42:01","date_gmt":"2012-10-17T19:42:01","guid":{"rendered":"http:\/\/51133697.de.strato-hosting.eu\/blog\/?p=1228"},"modified":"2012-10-17T19:43:26","modified_gmt":"2012-10-17T19:43:26","slug":"noch-irgendwelche-fragen","status":"publish","type":"post","link":"https:\/\/dieter-mulch.de\/blog\/?p=1228","title":{"rendered":"Noch irgendwelche Fragen?"},"content":{"rendered":"<p>Peter Kurzeck las aus seinem fr\u00fchen Roman <em>Keiner stirbt<\/em>.<\/p>\n<p>Das Publikum \u201cging mit\u201c, war sichtlich und h\u00f6rbar erheitert, spendete auch reichlich Beifall, und man war froh, die ganz eigene Art pers\u00f6nlich miterlebt zu haben, in der dieser Autor seine Texte vortr\u00e4gt.<\/p>\n<p>Wer bei solcher Gelegenheit die Eindr\u00fccke ruhig in sich nachklingen lassen m\u00f6chte, wird allerdings frustriert: denn es gibt kaum eine Autorenlesung, ohne dass die Zuh\u00f6rer zum Schluss\u00a0 eingeladen werden, Fragen zu stellen. Gew\u00f6hnlich entsteht\u00a0 dann erst ein peinliches Schweigen, bis dem einen oder der anderen doch noch etwas einf\u00e4llt, was man fragen k\u00f6nnte. Mir kommt das meistens viel zu oberfl\u00e4chlich und kurzatmig vor.<\/p>\n<p>Gl\u00fccklicherweise ist Peter Kurzeck einer, der gerne und unterhaltsam von seinem Leben und Schreiben berichtet, ohne dass es vielfacher Fragestellung bed\u00fcrfte.<\/p>\n<p>&nbsp;<\/p>\n<p>&nbsp;<\/p>\n","protected":false},"excerpt":{"rendered":"<p>Peter Kurzeck las aus seinem fr\u00fchen Roman Keiner stirbt. Das Publikum \u201cging mit\u201c, war sichtlich und h\u00f6rbar erheitert, spendete auch reichlich Beifall, und man war froh, die ganz eigene Art pers\u00f6nlich miterlebt zu haben, in der dieser Autor seine Texte &hellip; <a href=\"https:\/\/dieter-mulch.de\/blog\/?p=1228\">Weiterlesen <span class=\"meta-nav\">&rarr;<\/span><\/a><\/p>\n","protected":false},"author":2,"featured_media":0,"comment_status":"open","ping_status":"open","sticky":false,"template":"","format":"standard","meta":{"footnotes":""},"categories":[1],"tags":[],"_links":{"self":[{"href":"https:\/\/dieter-mulch.de\/blog\/index.php?rest_route=\/wp\/v2\/posts\/1228"}],"collection":[{"href":"https:\/\/dieter-mulch.de\/blog\/index.php?rest_route=\/wp\/v2\/posts"}],"about":[{"href":"https:\/\/dieter-mulch.de\/blog\/index.php?rest_route=\/wp\/v2\/types\/post"}],"author":[{"embeddable":true,"href":"https:\/\/dieter-mulch.de\/blog\/index.php?rest_route=\/wp\/v2\/users\/2"}],"replies":[{"embeddable":true,"href":"https:\/\/dieter-mulch.de\/blog\/index.php?rest_route=%2Fwp%2Fv2%2Fcomments&post=1228"}],"version-history":[{"count":3,"href":"https:\/\/dieter-mulch.de\/blog\/index.php?rest_route=\/wp\/v2\/posts\/1228\/revisions"}],"predecessor-version":[{"id":1231,"href":"https:\/\/dieter-mulch.de\/blog\/index.php?rest_route=\/wp\/v2\/posts\/1228\/revisions\/1231"}],"wp:attachment":[{"href":"https:\/\/dieter-mulch.de\/blog\/index.php?rest_route=%2Fwp%2Fv2%2Fmedia&parent=1228"}],"wp:term":[{"taxonomy":"category","embeddable":true,"href":"https:\/\/dieter-mulch.de\/blog\/index.php?rest_route=%2Fwp%2Fv2%2Fcategories&post=1228"},{"taxonomy":"post_tag","embeddable":true,"href":"https:\/\/dieter-mulch.de\/blog\/index.php?rest_route=%2Fwp%2Fv2%2Ftags&post=1228"}],"curies":[{"name":"wp","href":"https:\/\/api.w.org\/{rel}","templated":true}]}}