{"id":1232,"date":"2012-10-18T20:47:34","date_gmt":"2012-10-18T20:47:34","guid":{"rendered":"http:\/\/51133697.de.strato-hosting.eu\/blog\/?p=1232"},"modified":"2012-10-18T20:47:34","modified_gmt":"2012-10-18T20:47:34","slug":"lesefrucht-15","status":"publish","type":"post","link":"https:\/\/dieter-mulch.de\/blog\/?p=1232","title":{"rendered":"Lesefrucht"},"content":{"rendered":"<p>Immer wieder eine vergn\u00fcglich anregende Lekt\u00fcre:<br \/>\nSloterdijks\u00a0 <em>Zeilen und Tage<\/em>.<\/p>\n<p>Auch wo er witzig provokant schreibt, glaubt man ihm, dass er seine Thesen auch wohlbegr\u00fcndet zu vertreten w\u00fcsste.<\/p>\n<p>\u201c<em>Der Hass auf die Freiheit stellt den uneingestehbaren Affekt par excellence dar \u2013 noch weit vor dem Neid, der schon kaum je zugegeben wird. Daher muss man sich auf diesem Gebiet f\u00fcr alle Zeit mit Indizienprozessen begn\u00fcgen. Man sp\u00fcrt die Sache \u00fcberall und findet nie einen T\u00e4ter, der gesteht.\u201c<\/em><\/p>\n<p>p. 510 (Heft\u00a0 108)<\/p>\n<p><em>\u00a0<\/em><\/p>\n<p>&nbsp;<\/p>\n","protected":false},"excerpt":{"rendered":"<p>Immer wieder eine vergn\u00fcglich anregende Lekt\u00fcre: Sloterdijks\u00a0 Zeilen und Tage. Auch wo er witzig provokant schreibt, glaubt man ihm, dass er seine Thesen auch wohlbegr\u00fcndet zu vertreten w\u00fcsste. \u201cDer Hass auf die Freiheit stellt den uneingestehbaren Affekt par excellence dar &hellip; <a href=\"https:\/\/dieter-mulch.de\/blog\/?p=1232\">Weiterlesen <span class=\"meta-nav\">&rarr;<\/span><\/a><\/p>\n","protected":false},"author":2,"featured_media":0,"comment_status":"open","ping_status":"open","sticky":false,"template":"","format":"standard","meta":{"footnotes":""},"categories":[1],"tags":[],"_links":{"self":[{"href":"https:\/\/dieter-mulch.de\/blog\/index.php?rest_route=\/wp\/v2\/posts\/1232"}],"collection":[{"href":"https:\/\/dieter-mulch.de\/blog\/index.php?rest_route=\/wp\/v2\/posts"}],"about":[{"href":"https:\/\/dieter-mulch.de\/blog\/index.php?rest_route=\/wp\/v2\/types\/post"}],"author":[{"embeddable":true,"href":"https:\/\/dieter-mulch.de\/blog\/index.php?rest_route=\/wp\/v2\/users\/2"}],"replies":[{"embeddable":true,"href":"https:\/\/dieter-mulch.de\/blog\/index.php?rest_route=%2Fwp%2Fv2%2Fcomments&post=1232"}],"version-history":[{"count":2,"href":"https:\/\/dieter-mulch.de\/blog\/index.php?rest_route=\/wp\/v2\/posts\/1232\/revisions"}],"predecessor-version":[{"id":1234,"href":"https:\/\/dieter-mulch.de\/blog\/index.php?rest_route=\/wp\/v2\/posts\/1232\/revisions\/1234"}],"wp:attachment":[{"href":"https:\/\/dieter-mulch.de\/blog\/index.php?rest_route=%2Fwp%2Fv2%2Fmedia&parent=1232"}],"wp:term":[{"taxonomy":"category","embeddable":true,"href":"https:\/\/dieter-mulch.de\/blog\/index.php?rest_route=%2Fwp%2Fv2%2Fcategories&post=1232"},{"taxonomy":"post_tag","embeddable":true,"href":"https:\/\/dieter-mulch.de\/blog\/index.php?rest_route=%2Fwp%2Fv2%2Ftags&post=1232"}],"curies":[{"name":"wp","href":"https:\/\/api.w.org\/{rel}","templated":true}]}}