{"id":1282,"date":"2012-11-09T16:56:33","date_gmt":"2012-11-09T16:56:33","guid":{"rendered":"http:\/\/51133697.de.strato-hosting.eu\/blog\/?p=1282"},"modified":"2012-11-09T16:56:33","modified_gmt":"2012-11-09T16:56:33","slug":"merkbuchseite-27","status":"publish","type":"post","link":"https:\/\/dieter-mulch.de\/blog\/?p=1282","title":{"rendered":"Merkbuchseite"},"content":{"rendered":"<p><a href=\"http:\/\/51133697.de.strato-hosting.eu\/blog\/?attachment_id=1284\" rel=\"attachment wp-att-1284\"><img loading=\"lazy\" decoding=\"async\" class=\"aligncenter size-full wp-image-1284\" title=\"21112\" src=\"http:\/\/51133697.de.strato-hosting.eu\/blog\/wp-content\/uploads\/2012\/11\/211121.jpg\" alt=\"\" width=\"424\" height=\"624\" srcset=\"https:\/\/dieter-mulch.de\/blog\/wp-content\/uploads\/2012\/11\/211121.jpg 424w, https:\/\/dieter-mulch.de\/blog\/wp-content\/uploads\/2012\/11\/211121-203x300.jpg 203w\" sizes=\"(max-width: 424px) 100vw, 424px\" \/><\/a><\/p>\n<p>(Bleistift, Tusche u. Feder)<\/p>\n<p>In unserer Landschaft, von der Land- und Forstwirtschaft vielfach genutzt und gepflegt, begegnet man allerlei\u00a0 Vorrichtungen und Ger\u00e4tschaften. Die einen f\u00fcgen sich fast wie nat\u00fcrlich ins Bild, z.B. Schutzh\u00fctten und Tr\u00e4nktonnren f\u00fcr Weidetiere, Jagdanst\u00e4nde, Z\u00e4une, Sch\u00e4ferkarren usw. \u2013\u00a0 die anderen, obwohl ebenso n\u00fctzlich, bleiben fremd und st\u00f6rend, auch wenn sie noch so lange ihren Platz behalten, z.B. Fernleitungs- und Funknetzmasten, oder die mit Plastikplanen und alten Reifen abgedeckte Futtermieten. Es sei denn, es gelingt irgendwann, diese \u00e4sthetische Sperre zu \u00fcberwinden und den Blick zu \u00f6ffnen.<\/p>\n","protected":false},"excerpt":{"rendered":"<p>(Bleistift, Tusche u. Feder) In unserer Landschaft, von der Land- und Forstwirtschaft vielfach genutzt und gepflegt, begegnet man allerlei\u00a0 Vorrichtungen und Ger\u00e4tschaften. Die einen f\u00fcgen sich fast wie nat\u00fcrlich ins Bild, z.B. Schutzh\u00fctten und Tr\u00e4nktonnren f\u00fcr Weidetiere, Jagdanst\u00e4nde, Z\u00e4une, Sch\u00e4ferkarren &hellip; <a href=\"https:\/\/dieter-mulch.de\/blog\/?p=1282\">Weiterlesen <span class=\"meta-nav\">&rarr;<\/span><\/a><\/p>\n","protected":false},"author":2,"featured_media":0,"comment_status":"open","ping_status":"open","sticky":false,"template":"","format":"standard","meta":{"footnotes":""},"categories":[1],"tags":[],"_links":{"self":[{"href":"https:\/\/dieter-mulch.de\/blog\/index.php?rest_route=\/wp\/v2\/posts\/1282"}],"collection":[{"href":"https:\/\/dieter-mulch.de\/blog\/index.php?rest_route=\/wp\/v2\/posts"}],"about":[{"href":"https:\/\/dieter-mulch.de\/blog\/index.php?rest_route=\/wp\/v2\/types\/post"}],"author":[{"embeddable":true,"href":"https:\/\/dieter-mulch.de\/blog\/index.php?rest_route=\/wp\/v2\/users\/2"}],"replies":[{"embeddable":true,"href":"https:\/\/dieter-mulch.de\/blog\/index.php?rest_route=%2Fwp%2Fv2%2Fcomments&post=1282"}],"version-history":[{"count":4,"href":"https:\/\/dieter-mulch.de\/blog\/index.php?rest_route=\/wp\/v2\/posts\/1282\/revisions"}],"predecessor-version":[{"id":1288,"href":"https:\/\/dieter-mulch.de\/blog\/index.php?rest_route=\/wp\/v2\/posts\/1282\/revisions\/1288"}],"wp:attachment":[{"href":"https:\/\/dieter-mulch.de\/blog\/index.php?rest_route=%2Fwp%2Fv2%2Fmedia&parent=1282"}],"wp:term":[{"taxonomy":"category","embeddable":true,"href":"https:\/\/dieter-mulch.de\/blog\/index.php?rest_route=%2Fwp%2Fv2%2Fcategories&post=1282"},{"taxonomy":"post_tag","embeddable":true,"href":"https:\/\/dieter-mulch.de\/blog\/index.php?rest_route=%2Fwp%2Fv2%2Ftags&post=1282"}],"curies":[{"name":"wp","href":"https:\/\/api.w.org\/{rel}","templated":true}]}}