{"id":2203,"date":"2013-07-06T18:44:49","date_gmt":"2013-07-06T18:44:49","guid":{"rendered":"http:\/\/51133697.de.strato-hosting.eu\/blog\/?p=2203"},"modified":"2013-07-06T18:44:49","modified_gmt":"2013-07-06T18:44:49","slug":"wir-die-wir-nicht-die-sklaven-unserer-selbst-sein-wollten","status":"publish","type":"post","link":"https:\/\/dieter-mulch.de\/blog\/?p=2203","title":{"rendered":"Wir, die wir nicht die Sklaven unserer selbst sein wollten"},"content":{"rendered":"<p>\u201cKlack\u201c \u2013 man dr\u00fcckt einen Knopf, und die Sp\u00fclmaschine, die Waschmaschine, gelegentlich auch beide, beginnen mit der Arbeit. Man vernimmt ein mehr oder weniger sanftes Rummeln, ein Ger\u00e4usch, das doch eigentlich Anlass zur Freude sein k\u00f6nnte, weil uns die l\u00e4stige, blo\u00df reproduktive, Arbeitsfron erlassen wird.<\/p>\n<p>Aber sogleich melden sich die \u00f6kologischen Bedenken, und echte Workoholics m\u00fcssen die Ger\u00e4usche der Maschinen als dringende Mahnung empfinden, die frei gewordene Zeit nur ja nicht zu \u201cverbummeln&#8220;, sondern sie so n\u00fctzlich wie m\u00f6glich mit kreativer und produktiver Arbeit zu erf\u00fcllen.<\/p>\n","protected":false},"excerpt":{"rendered":"<p>\u201cKlack\u201c \u2013 man dr\u00fcckt einen Knopf, und die Sp\u00fclmaschine, die Waschmaschine, gelegentlich auch beide, beginnen mit der Arbeit. Man vernimmt ein mehr oder weniger sanftes Rummeln, ein Ger\u00e4usch, das doch eigentlich Anlass zur Freude sein k\u00f6nnte, weil uns die l\u00e4stige, &hellip; <a href=\"https:\/\/dieter-mulch.de\/blog\/?p=2203\">Weiterlesen <span class=\"meta-nav\">&rarr;<\/span><\/a><\/p>\n","protected":false},"author":2,"featured_media":0,"comment_status":"open","ping_status":"open","sticky":false,"template":"","format":"standard","meta":{"footnotes":""},"categories":[1],"tags":[],"_links":{"self":[{"href":"https:\/\/dieter-mulch.de\/blog\/index.php?rest_route=\/wp\/v2\/posts\/2203"}],"collection":[{"href":"https:\/\/dieter-mulch.de\/blog\/index.php?rest_route=\/wp\/v2\/posts"}],"about":[{"href":"https:\/\/dieter-mulch.de\/blog\/index.php?rest_route=\/wp\/v2\/types\/post"}],"author":[{"embeddable":true,"href":"https:\/\/dieter-mulch.de\/blog\/index.php?rest_route=\/wp\/v2\/users\/2"}],"replies":[{"embeddable":true,"href":"https:\/\/dieter-mulch.de\/blog\/index.php?rest_route=%2Fwp%2Fv2%2Fcomments&post=2203"}],"version-history":[{"count":2,"href":"https:\/\/dieter-mulch.de\/blog\/index.php?rest_route=\/wp\/v2\/posts\/2203\/revisions"}],"predecessor-version":[{"id":2205,"href":"https:\/\/dieter-mulch.de\/blog\/index.php?rest_route=\/wp\/v2\/posts\/2203\/revisions\/2205"}],"wp:attachment":[{"href":"https:\/\/dieter-mulch.de\/blog\/index.php?rest_route=%2Fwp%2Fv2%2Fmedia&parent=2203"}],"wp:term":[{"taxonomy":"category","embeddable":true,"href":"https:\/\/dieter-mulch.de\/blog\/index.php?rest_route=%2Fwp%2Fv2%2Fcategories&post=2203"},{"taxonomy":"post_tag","embeddable":true,"href":"https:\/\/dieter-mulch.de\/blog\/index.php?rest_route=%2Fwp%2Fv2%2Ftags&post=2203"}],"curies":[{"name":"wp","href":"https:\/\/api.w.org\/{rel}","templated":true}]}}