{"id":2218,"date":"2013-07-24T06:57:16","date_gmt":"2013-07-24T06:57:16","guid":{"rendered":"http:\/\/51133697.de.strato-hosting.eu\/blog\/?p=2218"},"modified":"2013-07-24T06:57:16","modified_gmt":"2013-07-24T06:57:16","slug":"offentlicher-fotodienst","status":"publish","type":"post","link":"https:\/\/dieter-mulch.de\/blog\/?p=2218","title":{"rendered":"\u00d6ffentlicher Fotodienst"},"content":{"rendered":"<p><a href=\"http:\/\/51133697.de.strato-hosting.eu\/blog\/wp-content\/uploads\/2013\/07\/24713.jpg\"><img loading=\"lazy\" decoding=\"async\" class=\"aligncenter size-full wp-image-2220\" alt=\"24713\" src=\"http:\/\/51133697.de.strato-hosting.eu\/blog\/wp-content\/uploads\/2013\/07\/24713.jpg\" width=\"224\" height=\"170\" \/><\/a><\/p>\n<p>Die Qualit\u00e4t l\u00e4sst zwar ziemlich zu w\u00fcnschen \u00fcbrig; daf\u00fcr bekomme ich aber ein Photo von meinem Gesicht \u201cin Ruhestellung\u201c, wie es mir ein Profi schwerlich liefern k\u00f6nnte, weil ja schon das Bewusstsein, photographiert zu werden, den Gesichtsausdruck ver\u00e4ndert.<\/p>\n<p>Es ist durchaus heilsam, wie r\u00fcde das Bild, das ich mir von mir mache, korrigiert wird. Gl\u00fccklicherweise sind die Gelegenheiten dazu \u00e4u\u00dferst selten.<\/p>\n<p>&nbsp;<\/p>\n","protected":false},"excerpt":{"rendered":"<p>Die Qualit\u00e4t l\u00e4sst zwar ziemlich zu w\u00fcnschen \u00fcbrig; daf\u00fcr bekomme ich aber ein Photo von meinem Gesicht \u201cin Ruhestellung\u201c, wie es mir ein Profi schwerlich liefern k\u00f6nnte, weil ja schon das Bewusstsein, photographiert zu werden, den Gesichtsausdruck ver\u00e4ndert. Es ist &hellip; <a href=\"https:\/\/dieter-mulch.de\/blog\/?p=2218\">Weiterlesen <span class=\"meta-nav\">&rarr;<\/span><\/a><\/p>\n","protected":false},"author":2,"featured_media":0,"comment_status":"open","ping_status":"open","sticky":false,"template":"","format":"standard","meta":{"footnotes":""},"categories":[1],"tags":[],"_links":{"self":[{"href":"https:\/\/dieter-mulch.de\/blog\/index.php?rest_route=\/wp\/v2\/posts\/2218"}],"collection":[{"href":"https:\/\/dieter-mulch.de\/blog\/index.php?rest_route=\/wp\/v2\/posts"}],"about":[{"href":"https:\/\/dieter-mulch.de\/blog\/index.php?rest_route=\/wp\/v2\/types\/post"}],"author":[{"embeddable":true,"href":"https:\/\/dieter-mulch.de\/blog\/index.php?rest_route=\/wp\/v2\/users\/2"}],"replies":[{"embeddable":true,"href":"https:\/\/dieter-mulch.de\/blog\/index.php?rest_route=%2Fwp%2Fv2%2Fcomments&post=2218"}],"version-history":[{"count":2,"href":"https:\/\/dieter-mulch.de\/blog\/index.php?rest_route=\/wp\/v2\/posts\/2218\/revisions"}],"predecessor-version":[{"id":2222,"href":"https:\/\/dieter-mulch.de\/blog\/index.php?rest_route=\/wp\/v2\/posts\/2218\/revisions\/2222"}],"wp:attachment":[{"href":"https:\/\/dieter-mulch.de\/blog\/index.php?rest_route=%2Fwp%2Fv2%2Fmedia&parent=2218"}],"wp:term":[{"taxonomy":"category","embeddable":true,"href":"https:\/\/dieter-mulch.de\/blog\/index.php?rest_route=%2Fwp%2Fv2%2Fcategories&post=2218"},{"taxonomy":"post_tag","embeddable":true,"href":"https:\/\/dieter-mulch.de\/blog\/index.php?rest_route=%2Fwp%2Fv2%2Ftags&post=2218"}],"curies":[{"name":"wp","href":"https:\/\/api.w.org\/{rel}","templated":true}]}}