{"id":2231,"date":"2013-07-28T06:54:32","date_gmt":"2013-07-28T06:54:32","guid":{"rendered":"http:\/\/51133697.de.strato-hosting.eu\/blog\/?p=2231"},"modified":"2013-07-28T06:54:32","modified_gmt":"2013-07-28T06:54:32","slug":"facebook-den-daumen-nach-unten-zeigen","status":"publish","type":"post","link":"https:\/\/dieter-mulch.de\/blog\/?p=2231","title":{"rendered":"Facebook den Daumen nach unten zeigen"},"content":{"rendered":"<p>Vor langer Zeit zum Kennenlernen einmal bei Facebook hineingeschnuppert. Das war ein Fehler. Jetzt hilft nur noch konsequentes Wegdr\u00fccken der Kontaktaufforderungen.<\/p>\n<p>Da tut es gut, von prominenter Seite Bekr\u00e4ftigung der Kritik zu lesen:<\/p>\n<p>\u201c. . . Horror. Facebook hat mir st\u00e4ndig gezeigt: Dein Leben ist nicht geil, nicht spa\u00dfig und glamour\u00f6s genug. Die Version, die dort jeder von seinem Leben pr\u00e4sentiert, sieht so viel besser aus als die Wirklichkeit. Alle suggerieren einander ein Level an Spa\u00df und Erfolg, das sie in der Realit\u00e4t nie erreichen werden. Der permanente Social-Media-Output verursacht bei mir ein Gef\u00fchl von Unzul\u00e4nglichkeit . .\u201c<\/p>\n<p>Greta Gerwig in einem Interview der SZ vom 27.\/28.Juli<\/p>\n<p>&nbsp;<\/p>\n","protected":false},"excerpt":{"rendered":"<p>Vor langer Zeit zum Kennenlernen einmal bei Facebook hineingeschnuppert. Das war ein Fehler. Jetzt hilft nur noch konsequentes Wegdr\u00fccken der Kontaktaufforderungen. Da tut es gut, von prominenter Seite Bekr\u00e4ftigung der Kritik zu lesen: \u201c. . . Horror. Facebook hat mir &hellip; <a href=\"https:\/\/dieter-mulch.de\/blog\/?p=2231\">Weiterlesen <span class=\"meta-nav\">&rarr;<\/span><\/a><\/p>\n","protected":false},"author":2,"featured_media":0,"comment_status":"open","ping_status":"open","sticky":false,"template":"","format":"standard","meta":{"footnotes":""},"categories":[1],"tags":[],"_links":{"self":[{"href":"https:\/\/dieter-mulch.de\/blog\/index.php?rest_route=\/wp\/v2\/posts\/2231"}],"collection":[{"href":"https:\/\/dieter-mulch.de\/blog\/index.php?rest_route=\/wp\/v2\/posts"}],"about":[{"href":"https:\/\/dieter-mulch.de\/blog\/index.php?rest_route=\/wp\/v2\/types\/post"}],"author":[{"embeddable":true,"href":"https:\/\/dieter-mulch.de\/blog\/index.php?rest_route=\/wp\/v2\/users\/2"}],"replies":[{"embeddable":true,"href":"https:\/\/dieter-mulch.de\/blog\/index.php?rest_route=%2Fwp%2Fv2%2Fcomments&post=2231"}],"version-history":[{"count":2,"href":"https:\/\/dieter-mulch.de\/blog\/index.php?rest_route=\/wp\/v2\/posts\/2231\/revisions"}],"predecessor-version":[{"id":2233,"href":"https:\/\/dieter-mulch.de\/blog\/index.php?rest_route=\/wp\/v2\/posts\/2231\/revisions\/2233"}],"wp:attachment":[{"href":"https:\/\/dieter-mulch.de\/blog\/index.php?rest_route=%2Fwp%2Fv2%2Fmedia&parent=2231"}],"wp:term":[{"taxonomy":"category","embeddable":true,"href":"https:\/\/dieter-mulch.de\/blog\/index.php?rest_route=%2Fwp%2Fv2%2Fcategories&post=2231"},{"taxonomy":"post_tag","embeddable":true,"href":"https:\/\/dieter-mulch.de\/blog\/index.php?rest_route=%2Fwp%2Fv2%2Ftags&post=2231"}],"curies":[{"name":"wp","href":"https:\/\/api.w.org\/{rel}","templated":true}]}}