{"id":2319,"date":"2013-09-01T11:40:53","date_gmt":"2013-09-01T11:40:53","guid":{"rendered":"http:\/\/51133697.de.strato-hosting.eu\/blog\/?p=2319"},"modified":"2013-09-01T11:40:53","modified_gmt":"2013-09-01T11:40:53","slug":"neues-aus-dem-atelier-28","status":"publish","type":"post","link":"https:\/\/dieter-mulch.de\/blog\/?p=2319","title":{"rendered":"Neues aus dem Atelier"},"content":{"rendered":"<p><a href=\"http:\/\/51133697.de.strato-hosting.eu\/blog\/wp-content\/uploads\/2013\/09\/1913.jpg\"><img loading=\"lazy\" decoding=\"async\" class=\"aligncenter size-full wp-image-2320\" alt=\"1913\" src=\"http:\/\/51133697.de.strato-hosting.eu\/blog\/wp-content\/uploads\/2013\/09\/1913.jpg\" width=\"479\" height=\"482\" srcset=\"https:\/\/dieter-mulch.de\/blog\/wp-content\/uploads\/2013\/09\/1913.jpg 479w, https:\/\/dieter-mulch.de\/blog\/wp-content\/uploads\/2013\/09\/1913-150x150.jpg 150w, https:\/\/dieter-mulch.de\/blog\/wp-content\/uploads\/2013\/09\/1913-298x300.jpg 298w\" sizes=\"(max-width: 479px) 100vw, 479px\" \/><\/a><\/p>\n<p>Bagatelle 2013_13<br \/>\nMischtechnik auf Papiermontage<br \/>\nRahmengr\u00f6\u00dfe 21 x 21 x 1,6 cm<\/p>\n<p>_________________________________________________________________________<\/p>\n<div>\n<p>Anmerkung:<br \/>\nes soll zwar weitergehen; aber widrige Umst\u00e4nde lassen bei mir z.Zt. nur eine unregelm\u00e4\u00dfige Fortsetzung der Blogeintr\u00e4ge zu.<\/p>\n<\/div>\n","protected":false},"excerpt":{"rendered":"<p>Bagatelle 2013_13 Mischtechnik auf Papiermontage Rahmengr\u00f6\u00dfe 21 x 21 x 1,6 cm _________________________________________________________________________ Anmerkung: es soll zwar weitergehen; aber widrige Umst\u00e4nde lassen bei mir z.Zt. nur eine unregelm\u00e4\u00dfige Fortsetzung der Blogeintr\u00e4ge zu.<\/p>\n","protected":false},"author":2,"featured_media":0,"comment_status":"open","ping_status":"open","sticky":false,"template":"","format":"standard","meta":{"footnotes":""},"categories":[1],"tags":[],"_links":{"self":[{"href":"https:\/\/dieter-mulch.de\/blog\/index.php?rest_route=\/wp\/v2\/posts\/2319"}],"collection":[{"href":"https:\/\/dieter-mulch.de\/blog\/index.php?rest_route=\/wp\/v2\/posts"}],"about":[{"href":"https:\/\/dieter-mulch.de\/blog\/index.php?rest_route=\/wp\/v2\/types\/post"}],"author":[{"embeddable":true,"href":"https:\/\/dieter-mulch.de\/blog\/index.php?rest_route=\/wp\/v2\/users\/2"}],"replies":[{"embeddable":true,"href":"https:\/\/dieter-mulch.de\/blog\/index.php?rest_route=%2Fwp%2Fv2%2Fcomments&post=2319"}],"version-history":[{"count":4,"href":"https:\/\/dieter-mulch.de\/blog\/index.php?rest_route=\/wp\/v2\/posts\/2319\/revisions"}],"predecessor-version":[{"id":2324,"href":"https:\/\/dieter-mulch.de\/blog\/index.php?rest_route=\/wp\/v2\/posts\/2319\/revisions\/2324"}],"wp:attachment":[{"href":"https:\/\/dieter-mulch.de\/blog\/index.php?rest_route=%2Fwp%2Fv2%2Fmedia&parent=2319"}],"wp:term":[{"taxonomy":"category","embeddable":true,"href":"https:\/\/dieter-mulch.de\/blog\/index.php?rest_route=%2Fwp%2Fv2%2Fcategories&post=2319"},{"taxonomy":"post_tag","embeddable":true,"href":"https:\/\/dieter-mulch.de\/blog\/index.php?rest_route=%2Fwp%2Fv2%2Ftags&post=2319"}],"curies":[{"name":"wp","href":"https:\/\/api.w.org\/{rel}","templated":true}]}}