{"id":2329,"date":"2013-09-03T20:27:43","date_gmt":"2013-09-03T20:27:43","guid":{"rendered":"http:\/\/51133697.de.strato-hosting.eu\/blog\/?p=2329"},"modified":"2013-09-03T20:27:43","modified_gmt":"2013-09-03T20:27:43","slug":"drastische-mahnung","status":"publish","type":"post","link":"https:\/\/dieter-mulch.de\/blog\/?p=2329","title":{"rendered":"Drastische Mahnung"},"content":{"rendered":"<p><a href=\"http:\/\/51133697.de.strato-hosting.eu\/blog\/wp-content\/uploads\/2013\/09\/3913.jpg\"><img loading=\"lazy\" decoding=\"async\" class=\"aligncenter size-full wp-image-2330\" alt=\"3913\" src=\"http:\/\/51133697.de.strato-hosting.eu\/blog\/wp-content\/uploads\/2013\/09\/3913.jpg\" width=\"468\" height=\"406\" srcset=\"https:\/\/dieter-mulch.de\/blog\/wp-content\/uploads\/2013\/09\/3913.jpg 468w, https:\/\/dieter-mulch.de\/blog\/wp-content\/uploads\/2013\/09\/3913-300x260.jpg 300w, https:\/\/dieter-mulch.de\/blog\/wp-content\/uploads\/2013\/09\/3913-345x300.jpg 345w\" sizes=\"(max-width: 468px) 100vw, 468px\" \/><\/a><\/p>\n<p>Ein ziemlicher Hingucker ist es schon, das \u201cUnfall-Denkmal\u201c vor einer Anwaltspraxis.<\/p>\n<p>Ich f\u00fcrchte allerdings, man k\u00f6nnte es auf makabre Weise missverstehen: als Berufszeichen wie vormals die Brezel bei der B\u00e4ckerei oder beim Schneider die Schere(?)<\/p>\n<p>&nbsp;<\/p>\n","protected":false},"excerpt":{"rendered":"<p>Ein ziemlicher Hingucker ist es schon, das \u201cUnfall-Denkmal\u201c vor einer Anwaltspraxis. Ich f\u00fcrchte allerdings, man k\u00f6nnte es auf makabre Weise missverstehen: als Berufszeichen wie vormals die Brezel bei der B\u00e4ckerei oder beim Schneider die Schere(?) &nbsp;<\/p>\n","protected":false},"author":2,"featured_media":0,"comment_status":"open","ping_status":"open","sticky":false,"template":"","format":"standard","meta":{"footnotes":""},"categories":[1],"tags":[],"_links":{"self":[{"href":"https:\/\/dieter-mulch.de\/blog\/index.php?rest_route=\/wp\/v2\/posts\/2329"}],"collection":[{"href":"https:\/\/dieter-mulch.de\/blog\/index.php?rest_route=\/wp\/v2\/posts"}],"about":[{"href":"https:\/\/dieter-mulch.de\/blog\/index.php?rest_route=\/wp\/v2\/types\/post"}],"author":[{"embeddable":true,"href":"https:\/\/dieter-mulch.de\/blog\/index.php?rest_route=\/wp\/v2\/users\/2"}],"replies":[{"embeddable":true,"href":"https:\/\/dieter-mulch.de\/blog\/index.php?rest_route=%2Fwp%2Fv2%2Fcomments&post=2329"}],"version-history":[{"count":2,"href":"https:\/\/dieter-mulch.de\/blog\/index.php?rest_route=\/wp\/v2\/posts\/2329\/revisions"}],"predecessor-version":[{"id":2332,"href":"https:\/\/dieter-mulch.de\/blog\/index.php?rest_route=\/wp\/v2\/posts\/2329\/revisions\/2332"}],"wp:attachment":[{"href":"https:\/\/dieter-mulch.de\/blog\/index.php?rest_route=%2Fwp%2Fv2%2Fmedia&parent=2329"}],"wp:term":[{"taxonomy":"category","embeddable":true,"href":"https:\/\/dieter-mulch.de\/blog\/index.php?rest_route=%2Fwp%2Fv2%2Fcategories&post=2329"},{"taxonomy":"post_tag","embeddable":true,"href":"https:\/\/dieter-mulch.de\/blog\/index.php?rest_route=%2Fwp%2Fv2%2Ftags&post=2329"}],"curies":[{"name":"wp","href":"https:\/\/api.w.org\/{rel}","templated":true}]}}