{"id":3330,"date":"2017-11-25T19:33:29","date_gmt":"2017-11-25T19:33:29","guid":{"rendered":"http:\/\/51133697.de.strato-hosting.eu\/blog\/?p=3330"},"modified":"2017-11-26T06:54:14","modified_gmt":"2017-11-26T06:54:14","slug":"aus-dem-nachleben-der-bilder","status":"publish","type":"post","link":"https:\/\/dieter-mulch.de\/blog\/?p=3330","title":{"rendered":"Aus dem Nachleben der Bilder"},"content":{"rendered":"<p>z.B.<\/p>\n<p><img loading=\"lazy\" decoding=\"async\" class=\"aligncenter size-full wp-image-3331\" src=\"http:\/\/51133697.de.strato-hosting.eu\/blog\/wp-content\/uploads\/2017\/11\/26117.jpg\" alt=\"\" width=\"419\" height=\"567\" srcset=\"https:\/\/dieter-mulch.de\/blog\/wp-content\/uploads\/2017\/11\/26117.jpg 419w, https:\/\/dieter-mulch.de\/blog\/wp-content\/uploads\/2017\/11\/26117-222x300.jpg 222w\" sizes=\"(max-width: 419px) 100vw, 419px\" \/><\/p>\n<p>ein Schaltkasten am Stra\u00dfenrand in Bad Nauheim.<\/p>\n<p>Vielleicht erinnert sich nicht sofort jeder an das Original des Picassobildes:<\/p>\n<p><img loading=\"lazy\" decoding=\"async\" class=\"aligncenter size-full wp-image-3332\" src=\"http:\/\/51133697.de.strato-hosting.eu\/blog\/wp-content\/uploads\/2017\/11\/261117_2.jpg\" alt=\"\" width=\"248\" height=\"326\" srcset=\"https:\/\/dieter-mulch.de\/blog\/wp-content\/uploads\/2017\/11\/261117_2.jpg 248w, https:\/\/dieter-mulch.de\/blog\/wp-content\/uploads\/2017\/11\/261117_2-228x300.jpg 228w\" sizes=\"(max-width: 248px) 100vw, 248px\" \/><\/p>\n<p>Zur Erl\u00e4uterung: der Schaltkasten befindet sich nicht weit von einem Schulkomplex, und gelegentlich erhalten Sch\u00fcler die M\u00f6glichkeit, solch eine graue Fl\u00e4che zu bemalen \u2013 vielleicht als Teil eines Projekts im Kunstunterricht.<\/p>\n<p>\u201cStille Post\u201c: nimmt man wahr, was alles verloren gegangen ist auf dem Weg von der Vorlage bis zur summarischen Wiedergabe auf dem Kasten, w\u00e4chst die Bewunderung f\u00fcr das Original.<\/p>\n<p>Ungewiss bleibt, ob die auf die beiden Gesichter zielende Spray-attacke nur der Person oder der Arbeit eines Sch\u00fclers\/einer Sch\u00fclerin gegolten hat, oder ob vielleicht bereits in Picassos Komposition etwas angelegt war, was Mob-Aggressionslust provozieren kann.<\/p>\n","protected":false},"excerpt":{"rendered":"<p>z.B. ein Schaltkasten am Stra\u00dfenrand in Bad Nauheim. Vielleicht erinnert sich nicht sofort jeder an das Original des Picassobildes: Zur Erl\u00e4uterung: der Schaltkasten befindet sich nicht weit von einem Schulkomplex, und gelegentlich erhalten Sch\u00fcler die M\u00f6glichkeit, solch eine graue Fl\u00e4che &hellip; <a href=\"https:\/\/dieter-mulch.de\/blog\/?p=3330\">Weiterlesen <span class=\"meta-nav\">&rarr;<\/span><\/a><\/p>\n","protected":false},"author":2,"featured_media":0,"comment_status":"open","ping_status":"open","sticky":false,"template":"","format":"standard","meta":{"footnotes":""},"categories":[1],"tags":[],"_links":{"self":[{"href":"https:\/\/dieter-mulch.de\/blog\/index.php?rest_route=\/wp\/v2\/posts\/3330"}],"collection":[{"href":"https:\/\/dieter-mulch.de\/blog\/index.php?rest_route=\/wp\/v2\/posts"}],"about":[{"href":"https:\/\/dieter-mulch.de\/blog\/index.php?rest_route=\/wp\/v2\/types\/post"}],"author":[{"embeddable":true,"href":"https:\/\/dieter-mulch.de\/blog\/index.php?rest_route=\/wp\/v2\/users\/2"}],"replies":[{"embeddable":true,"href":"https:\/\/dieter-mulch.de\/blog\/index.php?rest_route=%2Fwp%2Fv2%2Fcomments&post=3330"}],"version-history":[{"count":3,"href":"https:\/\/dieter-mulch.de\/blog\/index.php?rest_route=\/wp\/v2\/posts\/3330\/revisions"}],"predecessor-version":[{"id":3335,"href":"https:\/\/dieter-mulch.de\/blog\/index.php?rest_route=\/wp\/v2\/posts\/3330\/revisions\/3335"}],"wp:attachment":[{"href":"https:\/\/dieter-mulch.de\/blog\/index.php?rest_route=%2Fwp%2Fv2%2Fmedia&parent=3330"}],"wp:term":[{"taxonomy":"category","embeddable":true,"href":"https:\/\/dieter-mulch.de\/blog\/index.php?rest_route=%2Fwp%2Fv2%2Fcategories&post=3330"},{"taxonomy":"post_tag","embeddable":true,"href":"https:\/\/dieter-mulch.de\/blog\/index.php?rest_route=%2Fwp%2Fv2%2Ftags&post=3330"}],"curies":[{"name":"wp","href":"https:\/\/api.w.org\/{rel}","templated":true}]}}