{"id":3383,"date":"2018-06-11T16:29:11","date_gmt":"2018-06-11T16:29:11","guid":{"rendered":"http:\/\/dieter-mulch.de\/blog\/?p=3383"},"modified":"2018-06-11T16:29:11","modified_gmt":"2018-06-11T16:29:11","slug":"grusswort-an-die-jubilare","status":"publish","type":"post","link":"https:\/\/dieter-mulch.de\/blog\/?p=3383","title":{"rendered":"Gru\u00dfwort an die Jubilare"},"content":{"rendered":"<p style=\"text-align: center;\">Dieter Mulch\u00a0\u00a0 \u2013\u00a0\u00a0 Gedanken zum 50j\u00e4hrigen Abi seiner R-Klasse<br \/>\n1968 \u2013\u2013 2018<\/p>\n<p style=\"text-align: center;\"><em>\u201cIst doch kein Arbeiter um seinen Lohn betrogen:<br \/>\nDer Lehrer lernt, und der Erzieher wird erzogen\u201c*<\/em><\/p>\n<p>Es begab sich aber zu der Zeit, da Ivo** Direktor der Wetzlarer <em>Lotteschule<\/em> war, dass mir die Leitung der Realschulklasse anvertraut wurde, die einen damals noch un\u00fcblichen Weg zum Abitur \u00f6ffnen sollte. Zuvor hatte die konservative <em>Goetheschule<\/em> abgelehnt, sich der neuen p\u00e4dagogischen Aufgabe zu stellen, die aber der sozialpolitisch aktive Ivo gerne f\u00fcr<br \/>\n\u201cseine\u201c Schule \u00fcbernahm.<br \/>\nSoweit das Experiment als gegl\u00fcckt gelten darf, verdanken wir das zum einen Ihrer Entschlossenheit, die damals noch nicht selbstverst\u00e4ndliche Chance wahrzunehmen \u2013 zum andern meiner unvoreingenommenen Naivit\u00e4t und dem unprofessionellen Selbstverst\u00e4ndnis, mit dem ich die Rolle des Lehrers spielte \u2013 etwa wie die eines Hauslehrers*** von einst.<br \/>\nMit meinen damals 37 Jahren hatte ich noch gar viel zu lernen, und durch meine Pr\u00e4gung war ich in manchen Lebensbereichen behindert, in denen Sie mir durch Ihre anders gelaufene Entwicklung voraus waren.<br \/>\nKommt hinzu, dass ich meine p\u00e4dagogischen Aufgaben immer anging mit dem Schwerpunkt auf aesthetischer Weltbetrachtung und auf die Arbeit als K\u00fcnstler. Die daraus folgende Offenheit und Experimentierfreude war Voraussetzung f\u00fcr diverse Vorhaben, die nicht zum traditionellen Schulkanon geh\u00f6ren. Der Ausgleich zwischen den anregenden Unternehmungen und Pflichtarbeiten konnte freilich nicht reibungslos gelingen.<\/p>\n<p>Und nun?\u00a0 \u2013 Der Mensch ist nie fertig \u2013 gut so! \u2013 er kann auch mit 88 noch was lernen.<\/p>\n<p>*\u00a0\u00a0\u00a0\u00a0 Aus Friedrich R\u00fcckerts Lehrspr\u00fcchen<br \/>\n**\u00a0\u00a0\u00a0 Dr. Hubert Ivo<br \/>\n***\u00a0\u00a0 Lehren und Erziehen als \u00dcberlebensform, weil die bis dahin erworbene Bildung<br \/>\nkeine selbst\u00e4ndige Existenz erm\u00f6glichte<\/p>\n<p>&nbsp;<\/p>\n<p>&nbsp;<\/p>\n<ul>\n<li><\/li>\n<\/ul>\n<p>&nbsp;<\/p>\n","protected":false},"excerpt":{"rendered":"<p>Dieter Mulch\u00a0\u00a0 \u2013\u00a0\u00a0 Gedanken zum 50j\u00e4hrigen Abi seiner R-Klasse 1968 \u2013\u2013 2018 \u201cIst doch kein Arbeiter um seinen Lohn betrogen: Der Lehrer lernt, und der Erzieher wird erzogen\u201c* Es begab sich aber zu der Zeit, da Ivo** Direktor der Wetzlarer &hellip; <a href=\"https:\/\/dieter-mulch.de\/blog\/?p=3383\">Weiterlesen <span class=\"meta-nav\">&rarr;<\/span><\/a><\/p>\n","protected":false},"author":2,"featured_media":0,"comment_status":"open","ping_status":"open","sticky":false,"template":"","format":"standard","meta":{"footnotes":""},"categories":[1],"tags":[],"_links":{"self":[{"href":"https:\/\/dieter-mulch.de\/blog\/index.php?rest_route=\/wp\/v2\/posts\/3383"}],"collection":[{"href":"https:\/\/dieter-mulch.de\/blog\/index.php?rest_route=\/wp\/v2\/posts"}],"about":[{"href":"https:\/\/dieter-mulch.de\/blog\/index.php?rest_route=\/wp\/v2\/types\/post"}],"author":[{"embeddable":true,"href":"https:\/\/dieter-mulch.de\/blog\/index.php?rest_route=\/wp\/v2\/users\/2"}],"replies":[{"embeddable":true,"href":"https:\/\/dieter-mulch.de\/blog\/index.php?rest_route=%2Fwp%2Fv2%2Fcomments&post=3383"}],"version-history":[{"count":2,"href":"https:\/\/dieter-mulch.de\/blog\/index.php?rest_route=\/wp\/v2\/posts\/3383\/revisions"}],"predecessor-version":[{"id":3386,"href":"https:\/\/dieter-mulch.de\/blog\/index.php?rest_route=\/wp\/v2\/posts\/3383\/revisions\/3386"}],"wp:attachment":[{"href":"https:\/\/dieter-mulch.de\/blog\/index.php?rest_route=%2Fwp%2Fv2%2Fmedia&parent=3383"}],"wp:term":[{"taxonomy":"category","embeddable":true,"href":"https:\/\/dieter-mulch.de\/blog\/index.php?rest_route=%2Fwp%2Fv2%2Fcategories&post=3383"},{"taxonomy":"post_tag","embeddable":true,"href":"https:\/\/dieter-mulch.de\/blog\/index.php?rest_route=%2Fwp%2Fv2%2Ftags&post=3383"}],"curies":[{"name":"wp","href":"https:\/\/api.w.org\/{rel}","templated":true}]}}